{"id":1,"name":"Dt. Can Metiner","url":"https:\/\/www.ideadentalclinic.com\/","description":"2014 y\u0131l\u0131nda Marmara \u00dcniversitesi Di\u015f Hekimli\u011fi Fak\u00fcltesi\u2019nden di\u015f hekimi \u00fcnvan\u0131 ile mezun oldu ve uzmanl\u0131k e\u011fitimini 2019 y\u0131l\u0131nda tamamlayarak protez uzman\u0131 \u00fcnvan\u0131n\u0131 ald\u0131. 2021 y\u0131l\u0131nda ortaklar\u0131yla birlikte Idea Dental Clinic\u2019i kurdular.","link":"https:\/\/www.ideadentalclinic.com\/en\/author\/crabs_admin\/","slug":"crabs_admin","avatar_urls":{"24":"https:\/\/www.ideadentalclinic.com\/wp-content\/litespeed\/avatar\/ca5cbde2fd0484e30d7c1e589f42d387.jpg?ver=1777504967","48":"https:\/\/www.ideadentalclinic.com\/wp-content\/litespeed\/avatar\/26fa16849b892d20047e01a97087895a.jpg?ver=1777504967","96":"https:\/\/www.ideadentalclinic.com\/wp-content\/litespeed\/avatar\/a977223bb82d10c2a81a6bd051a1c5c5.jpg?ver=1777504967"},"meta":[],"_links":{"self":[{"href":"https:\/\/www.ideadentalclinic.com\/en\/wp-json\/wp\/v2\/users\/1","targetHints":{"allow":["GET"]}}],"collection":[{"href":"https:\/\/www.ideadentalclinic.com\/en\/wp-json\/wp\/v2\/users"}]}}